{"id":3374,"date":"2025-11-15T20:21:40","date_gmt":"2025-11-15T17:21:40","guid":{"rendered":"https:\/\/exhist.com\/?p=3374"},"modified":"2025-12-10T12:36:24","modified_gmt":"2025-12-10T09:36:24","slug":"fuar-stand-tasarimi-nasil-yapilir","status":"publish","type":"post","link":"https:\/\/exhist.com\/tr\/fuar-stand-tasarimi-nasil-yapilir\/","title":{"rendered":"Fuar Stand Tasar\u0131m\u0131 Nas\u0131l Yap\u0131l\u0131r?"},"content":{"rendered":"<p><span style=\"font-weight: 400;\">Fuar standlar\u0131, bir \u015firketin veya markan\u0131n fuar alan\u0131nda dikkat \u00e7ekmesini sa\u011flayan \u00f6nemli unsurlardan biridir. Etkileyici ve i\u015flevsel bir fuar stand\u0131 tasarlamak, potansiyel m\u00fc\u015fterilerle ba\u011flant\u0131 kurma ve marka bilinirli\u011fini art\u0131rma konusunda kritik bir rol oynar. Bu yaz\u0131da, fuar stand\u0131 tasar\u0131m\u0131n\u0131n temel ad\u0131mlar\u0131n\u0131 ve dikkat edilmesi gereken unsurlar\u0131 ke\u015ffedece\u011fiz.<\/span><\/p>\n<h2><span style=\"font-weight: 400;\">Hedef Belirleme ve Proje Kapsam\u0131n\u0131n Netle\u015ftirilmesi<\/span><\/h2>\n<p><span style=\"font-weight: 400;\">Fuar stand\u0131 tasar\u0131m\u0131na ba\u015flamadan \u00f6nce, hedeflerinizi net bir \u015fekilde belirlemeniz \u00f6nemlidir. Hangi mesaj\u0131 iletmek istedi\u011finizi, hedef kitlenizi ve stand\u0131n\u0131z\u0131n ana amac\u0131n\u0131 belirleyerek tasar\u0131m s\u00fcrecine odaklanabilirsiniz. Tasar\u0131ma ba\u015flamadan \u00f6nce proje hedefinin belirlenmesi s\u00fcre\u00e7 verimlili\u011fini art\u0131r\u0131r. Ama\u00e7 yeni m\u00fc\u015fteri kazan\u0131m\u0131, marka bilinirli\u011fi, \u00fcr\u00fcn lansman\u0131 veya numune da\u011f\u0131t\u0131m\u0131 olabilir.<\/span><\/p>\n<p><b>Hedefi netle\u015ftirirken sorulmas\u0131 gereken sorular:<\/b><\/p>\n<ul>\n<li style=\"font-weight: 400;\" aria-level=\"1\"><span style=\"font-weight: 400;\">Stand\u0131n fuardaki ana amac\u0131 nedir?<\/span><\/li>\n<li style=\"font-weight: 400;\" aria-level=\"1\"><span style=\"font-weight: 400;\">Hangi \u00fcr\u00fcn\/hizmet \u00f6n planda olacak?<\/span><\/li>\n<li style=\"font-weight: 400;\" aria-level=\"1\"><span style=\"font-weight: 400;\">Hedeflenen ziyaret\u00e7i profili kim? (B2B, B2C, sekt\u00f6r profesyoneli vb.)<\/span><\/li>\n<li style=\"font-weight: 400;\" aria-level=\"1\"><span style=\"font-weight: 400;\">Hangi KPI\u2019lar ile ba\u015far\u0131 \u00f6l\u00e7\u00fclecek? (Lead say\u0131s\u0131, QR kay\u0131tlar\u0131, g\u00f6r\u00fc\u015fme adedi vb.)<\/span><\/li>\n<\/ul>\n<p><span style=\"font-weight: 400;\">Stratejik bir hedef plan\u0131, tasar\u0131m dilinin belirlenmesinden kullan\u0131lacak teknolojiye kadar t\u00fcm s\u00fcreci y\u00f6nlendirir.<\/span><\/p>\n<h2><span style=\"font-weight: 400;\">Marka Kimli\u011fi ile Uyumlu Tasar\u0131m Olu\u015fturma<\/span><\/h2>\n<p><span style=\"font-weight: 400;\">Fuar stand\u0131 tasar\u0131m\u0131, marka kimli\u011fini net \u015fekilde yans\u0131tmal\u0131d\u0131r. Renk paleti, logo g\u00f6r\u00fcn\u00fcrl\u00fc\u011f\u00fc, tipografi, slogan ve marka hikayesi ziyaret\u00e7iye ilk 3 saniyede aktar\u0131lmal\u0131d\u0131r. Renkler, logo ve genel tema, marka imaj\u0131n\u0131z\u0131 g\u00fc\u00e7lendirmeli ve ziyaret\u00e7ilere markan\u0131z\u0131 hat\u0131rlatmal\u0131d\u0131r.\u00a0<\/span><\/p>\n<p><span style=\"font-weight: 400;\">\u0130yi bir fuar stand tasar\u0131m\u0131 kalabal\u0131k i\u00e7inde marka ak\u0131lda kal\u0131c\u0131l\u0131\u011f\u0131 sa\u011flayan g\u00fc\u00e7l\u00fc g\u00f6rsel b\u00fct\u00fcnl\u00fck sunmal\u0131d\u0131r. \u00d6zellikle kurumsal dokular, marka hikayelerini destekleyen slogan panolar\u0131, \u00fcr\u00fcn \u00f6rnekleri, \u0131\u015f\u0131kland\u0131rma uyumu dikkat \u00e7ekicidir.<\/span><\/p>\n<p><b>G\u00f6rsel kimlik unsurlar\u0131:<\/b><\/p>\n<ul>\n<li style=\"font-weight: 400;\" aria-level=\"1\"><span style=\"font-weight: 400;\">Logo g\u00f6r\u00fcn\u00fcrl\u00fc\u011f\u00fc en az \u00fc\u00e7 farkl\u0131 a\u00e7\u0131dan okunabilir olmal\u0131d\u0131r.<\/span><\/li>\n<li style=\"font-weight: 400;\" aria-level=\"1\"><span style=\"font-weight: 400;\">Marka rengi \u0131\u015f\u0131kland\u0131rma ile desteklenmeli, ortam g\u00f6lgelenmesi \u00f6nlenmelidir.<\/span><\/li>\n<li style=\"font-weight: 400;\" aria-level=\"1\"><span style=\"font-weight: 400;\">Duvar grafiklerinde slogan, \u00fcr\u00fcn g\u00f6rselleri ve mesaj tek seferde anla\u015f\u0131labilir olmal\u0131d\u0131r.<\/span><\/li>\n<\/ul>\n<h2><span style=\"font-weight: 400;\">Fonksiyonellik ve Ak\u0131\u015f Planlamas\u0131<\/span><\/h2>\n<p><span style=\"font-weight: 400;\">Tasar\u0131m yaln\u0131zca estetik de\u011fil ayn\u0131 zamanda kullan\u0131m kolayl\u0131\u011f\u0131 ve ziyaret\u00e7i ak\u0131\u015f\u0131 d\u00fc\u015f\u00fcn\u00fclerek haz\u0131rlanmal\u0131d\u0131r. Dola\u015f\u0131m rahatl\u0131\u011f\u0131 sunmayan, \u00fcr\u00fcn deneyimi yaratmayan standlar dikkat \u00e7ekse bile d\u00f6n\u00fc\u015f\u00fcm yaratamaz. \u00dcr\u00fcn veya hizmetlerinizi sergilemek, etkile\u015fimli alanlar olu\u015fturmak ve potansiyel m\u00fc\u015fterilerle ba\u011flant\u0131 kurmak i\u00e7in stand\u0131n\u0131z\u0131n i\u015flevsel \u00f6\u011felerini d\u00fc\u015f\u00fcn\u00fcn. Stand\u0131n\u0131z\u0131n tasar\u0131m\u0131, ziyaret\u00e7ileri i\u00e7eri davet eden a\u00e7\u0131k bir alan sunmal\u0131d\u0131r. Fazla kalabal\u0131k veya karma\u015f\u0131k tasar\u0131mlar, ziyaret\u00e7ilerin stand\u0131n\u0131za giri\u015f yapma iste\u011fini azaltabilir.<\/span><\/p>\n<p><b>Alan yerle\u015fimi nas\u0131l kurulmal\u0131?<\/b><\/p>\n<ul>\n<li style=\"font-weight: 400;\" aria-level=\"1\"><span style=\"font-weight: 400;\">\u00dcr\u00fcn deneyim alan\u0131 giri\u015fe yak\u0131n olmal\u0131d\u0131r.<\/span><\/li>\n<li style=\"font-weight: 400;\" aria-level=\"1\"><span style=\"font-weight: 400;\">G\u00f6r\u00fc\u015fme masalar\u0131 arka planda konumland\u0131r\u0131lmal\u0131d\u0131r.<\/span><\/li>\n<li style=\"font-weight: 400;\" aria-level=\"1\"><span style=\"font-weight: 400;\">Bro\u015f\u00fcr, QR, katalog eri\u015fim alanlar\u0131 t\u0131kan\u0131kl\u0131k yaratmayacak \u015fekilde konumlanmal\u0131d\u0131r.<\/span><\/li>\n<li style=\"font-weight: 400;\" aria-level=\"1\"><span style=\"font-weight: 400;\">Y\u00fcr\u00fcy\u00fc\u015f koridoru en az 1,2 metre olmal\u0131d\u0131r.<\/span><\/li>\n<\/ul>\n<h2><span style=\"font-weight: 400;\">Dikkat \u00c7ekici Grafikler ve \u0130\u00e7erik Kullan\u0131m\u0131<\/span><\/h2>\n<p><span style=\"font-weight: 400;\">Fuarlarda ziyaret\u00e7ilerin ortalama durma s\u00fcresi 6-12 saniyedir. Bu nedenle grafikleri, mesajlar\u0131 ve \u00fcr\u00fcn sunumlar\u0131n\u0131 net ve \u00e7arp\u0131c\u0131 \u015fekilde kurgulamak gerekir. G\u00f6rsel \u00e7ekicili\u011fin \u00f6nemi b\u00fcy\u00fckt\u00fcr. Stand\u0131n\u0131zda kullan\u0131lacak grafikler, dikkat \u00e7ekici ve ak\u0131lda kal\u0131c\u0131 olmal\u0131d\u0131r.\u00a0<\/span><\/p>\n<p><span style=\"font-weight: 400;\">Ayr\u0131ca stand\u0131n\u0131z\u0131n ileti\u015fimini net bir \u015fekilde ifade eden a\u00e7\u0131k ve etkili bir mesaj bulundurun. Stand\u0131n\u0131z\u0131n g\u00f6rsel unsurlar\u0131 \u00f6nemlidir. B\u00fcy\u00fck ve etkileyici g\u00f6rseller, \u00fcr\u00fcn veya hizmetlerinizi vurgulamak i\u00e7in kullan\u0131labilir. Net ve \u00e7ekici grafikler, ziyaret\u00e7ilerin dikkatini \u00e7ekmek i\u00e7in harika bir yol olabilir.<\/span><\/p>\n<p><b>Grafik tasar\u0131m\u0131nda dikkat edilecek noktalar:<\/b><\/p>\n<ul>\n<li style=\"font-weight: 400;\" aria-level=\"1\"><span style=\"font-weight: 400;\">B\u00fcy\u00fck tipografi ve minimal metin kullan\u0131m\u0131 tercih edin.<\/span><\/li>\n<li style=\"font-weight: 400;\" aria-level=\"1\"><span style=\"font-weight: 400;\">\u00dcr\u00fcn USP\u2019leri 3 madde ile \u00f6zetlenmeli.<\/span><\/li>\n<li style=\"font-weight: 400;\" aria-level=\"1\"><span style=\"font-weight: 400;\">LED ekranlar ile hareketli g\u00f6r\u00fcnt\u00fc kullan\u0131m\u0131na yer verilebilir.<\/span><\/li>\n<li style=\"font-weight: 400;\" aria-level=\"1\"><span style=\"font-weight: 400;\">4K sunum videolar\u0131 alg\u0131y\u0131 g\u00fc\u00e7lendirir.<\/span><\/li>\n<\/ul>\n<h2><span style=\"font-weight: 400;\">Mekan Optimizasyonu ve Stand Boyutu Planlama<\/span><\/h2>\n<p><span style=\"font-weight: 400;\">Fuar stand tasar\u0131m\u0131 yaparken fuar alan\u0131n\u0131n fiziksel \u00f6zelliklerini g\u00f6z \u00f6n\u00fcnde bulundurun. Stand\u0131n\u0131z\u0131n konumu, boyutu ve di\u011fer fakt\u00f6rleri dikkate alarak mekan\u0131 en iyi \u015fekilde de\u011ferlendirin. Ziyaret\u00e7ilerin rahat\u00e7a dola\u015fabilece\u011fi ve stand\u0131n\u0131z\u0131 ke\u015ffedece\u011fi bir d\u00fczen olu\u015fturun.<\/span><\/p>\n<p><span style=\"font-weight: 400;\">Stand tasar\u0131m\u0131nda alan kullan\u0131m\u0131 en belirleyici unsurlardan biridir. K\u00fc\u00e7\u00fck alanlarda dikey kullan\u0131m \u00f6nem kazan\u0131rken geni\u015f alanlarda deneyim k\u00f6\u015feleri olu\u015fturmak ziyaret\u00e7i etkile\u015fimini art\u0131r\u0131r.<\/span><\/p>\n<p><b>K\u00fc\u00e7\u00fck alanlarda avantaj yaratma \u00f6nerileri:<\/b><\/p>\n<ul>\n<li style=\"font-weight: 400;\" aria-level=\"1\"><span style=\"font-weight: 400;\">Y\u00fckseltilmi\u015f raflar ile dikey te\u015fhir<\/span><\/li>\n<li style=\"font-weight: 400;\" aria-level=\"1\"><span style=\"font-weight: 400;\">Katlan\u0131r masa\/koltuk sistemi<\/span><\/li>\n<li style=\"font-weight: 400;\" aria-level=\"1\"><span style=\"font-weight: 400;\">Minimal grafik, maksimum mesaj stratejisi<\/span><\/li>\n<\/ul>\n<p><b>B\u00fcy\u00fck standlarda etkinlik kurgusu:<\/b><\/p>\n<ul>\n<li style=\"font-weight: 400;\" aria-level=\"1\"><span style=\"font-weight: 400;\">Mini workshop alan\u0131<\/span><\/li>\n<li style=\"font-weight: 400;\" aria-level=\"1\"><span style=\"font-weight: 400;\">Demo ekran\u0131 + \u00fcr\u00fcn test alan\u0131<\/span><\/li>\n<li style=\"font-weight: 400;\" aria-level=\"1\"><span style=\"font-weight: 400;\">Networking oturma corner&#8217;\u0131<\/span><\/li>\n<li style=\"font-weight: 400;\" aria-level=\"1\"><span style=\"font-weight: 400;\">Bas\u0131l\u0131 materyal yerine QR men\u00fc panosu<\/span><\/li>\n<\/ul>\n<h2><span style=\"font-weight: 400;\">Teknolojiyi Entegre Ederek Etkile\u015fimi Art\u0131r\u0131n<\/span><\/h2>\n<p><span style=\"font-weight: 400;\">Modern fuar stand tasar\u0131mlar\u0131nda teknolojiyi kullanmak, ziyaret\u00e7ilere etkile\u015fimli deneyimler sunabilir. Tabletler, dokunmatik ekranlar veya di\u011fer dijital ara\u00e7lar\u0131 kullanarak stand\u0131n\u0131za teknolojiyi entegre edin.\u00a0<\/span><\/p>\n<p><span style=\"font-weight: 400;\">Modern fuar standlar\u0131nda dijital teknoloji entegrasyonu ziyaret\u00e7i deneyimini g\u00fc\u00e7lendirir. Stand\u0131n\u0131za etkile\u015fim katan unsurlar kullan\u0131n. Ekranlar, interaktif oyunlar, \u00fcr\u00fcn demostrasyonlar\u0131 veya dijital i\u00e7erikler, ziyaret\u00e7ilerin stand\u0131n\u0131za daha fazla ilgi g\u00f6stermelerini sa\u011flar.<\/span><\/p>\n<p><b>Stand tasar\u0131m\u0131nda kullan\u0131labilecek teknolojiler:<\/b><\/p>\n<ul>\n<li style=\"font-weight: 400;\" aria-level=\"1\"><span style=\"font-weight: 400;\">Tablet &amp; kiosk bilgi ekranlar\u0131<\/span><\/li>\n<li style=\"font-weight: 400;\" aria-level=\"1\"><span style=\"font-weight: 400;\">VR\/AR \u00fcr\u00fcn deneyimi<\/span><\/li>\n<li style=\"font-weight: 400;\" aria-level=\"1\"><span style=\"font-weight: 400;\">Dokunmatik katalog ekranlar\u0131<\/span><\/li>\n<li style=\"font-weight: 400;\" aria-level=\"1\"><span style=\"font-weight: 400;\">Lead toplama QR sistemleri<\/span><\/li>\n<li style=\"font-weight: 400;\" aria-level=\"1\"><span style=\"font-weight: 400;\">Dijital kart ve CRM entegrasyonu<\/span><\/li>\n<\/ul>\n<p><span style=\"font-weight: 400;\">Bu sayede tan\u0131\u015fma sonras\u0131 takip maliyetleri d\u00fc\u015f\u00fcr\u00fcl\u00fcr, d\u00f6n\u00fc\u015f\u00fcm oran\u0131 artar.<\/span><\/p>\n<h2><span style=\"font-weight: 400;\">Ziyaret\u00e7i Deneyimi Tasar\u0131m\u0131 ve Ak\u0131lda Kal\u0131c\u0131l\u0131k<\/span><\/h2>\n<p><span style=\"font-weight: 400;\">Fuar stand tasar\u0131m\u0131 sadece fiziksel bir alan de\u011fil, ziyaret\u00e7inin i\u00e7eride ge\u00e7irdi\u011fi deneyimin b\u00fct\u00fcn\u00fcd\u00fcr. Stand\u0131n\u0131zda ileti\u015fimi kolayla\u015ft\u0131rmak i\u00e7in bilgi panolar\u0131, bro\u015f\u00fcrler ve di\u011fer materyaller kullan\u0131n. Ziyaret\u00e7ilere markan\u0131z hakk\u0131nda detayl\u0131 bilgi sunarak, potansiyel m\u00fc\u015fterileri \u00e7ekme \u015fans\u0131n\u0131z\u0131 art\u0131rabilirsiniz.<\/span><\/p>\n<p><span style=\"font-weight: 400;\">Stand\u0131n\u0131z\u0131n atmosferi, ziyaret\u00e7ilere rahatl\u0131k ve misafirperverlik hissi sunmal\u0131d\u0131r. Rahat oturma alanlar\u0131, i\u00e7ecek servisi veya ho\u015f bir m\u00fczik se\u00e7imi, stand\u0131n\u0131z\u0131 daha \u00e7ekici k\u0131labilir.\u0130yi bir tasar\u0131m\u0131n yan\u0131 s\u0131ra, stand\u0131n\u0131zda g\u00f6revli olan ekip de \u00f6nemlidir. \u0130yi e\u011fitilmi\u015f ve etkili ileti\u015fim becerilerine sahip bir ekiple, ziyaret\u00e7ilerle etkile\u015fim kurabilir ve markan\u0131z\u0131 do\u011fru \u015fekilde temsil edebilirsiniz.<\/span><\/p>\n<p><b>Ak\u0131lda kal\u0131c\u0131 bir fuar stand tasar\u0131m\u0131 i\u00e7in baz\u0131 \u00f6neriler:<\/b><\/p>\n<ul>\n<li style=\"font-weight: 400;\" aria-level=\"1\"><span style=\"font-weight: 400;\">Kar\u015f\u0131lama ekibi g\u00fcler y\u00fczl\u00fc ve y\u00f6nlendirici olmal\u0131d\u0131r.<\/span><\/li>\n<li style=\"font-weight: 400;\" aria-level=\"1\"><span style=\"font-weight: 400;\">Sunum yapacak personel h\u0131zl\u0131 konu\u015fma yerine net anlat\u0131m kullanmal\u0131d\u0131r.<\/span><\/li>\n<li style=\"font-weight: 400;\" aria-level=\"1\"><span style=\"font-weight: 400;\">Mini ikram, \u00fcr\u00fcn denetimi, kampanya kart\u0131 b\u0131rakmak hat\u0131rlanma oran\u0131n\u0131 art\u0131r\u0131r.<\/span><span style=\"font-weight: 400;\"><br \/>\n<\/span><\/li>\n<\/ul>\n<p><span style=\"font-weight: 400;\">Markay\u0131 hat\u0131rlatan k\u00fc\u00e7\u00fck objeler (defter, badge, QR i\u00e7erikli kart, numune) fuar sonras\u0131 d\u00f6n\u00fc\u015f\u00fcmleri olumlu etkiler.<\/span><\/p>\n<h2><span style=\"font-weight: 400;\">S\u00fcrd\u00fcr\u00fclebilir Stand Tasar\u0131m\u0131<\/span><\/h2>\n<p><span style=\"font-weight: 400;\">S\u00fcrd\u00fcr\u00fclebilirlik, g\u00fcn\u00fcm\u00fczde \u00f6nemli bir konu haline gelmi\u015ftir. Stand tasar\u0131m\u0131n\u0131zda geri d\u00f6n\u00fc\u015ft\u00fcr\u00fclebilir malzemeleri kullanmak, s\u00fcrd\u00fcr\u00fclebilir bir imaj olu\u015fturabilir.<\/span><\/p>\n<p><span style=\"font-weight: 400;\">Son y\u0131llarda fuar standlar\u0131nda \u00e7evre dostu malzeme kullan\u0131m\u0131 y\u00fckselen trenddir. Geri d\u00f6n\u00fc\u015ft\u00fcr\u00fclebilir PVC, ah\u015fap kompozitler, tekstil bask\u0131 y\u00fczeyleri tercih edilmektedir.\u00a0<\/span><\/p>\n<p><a href=\"https:\/\/exhist.com\/tr\/moduler-fuar-standi\/\"><span style=\"font-weight: 400;\">Mod\u00fcler fuar stand\u0131<\/span><\/a><span style=\"font-weight: 400;\"> kullanarak s\u00fcrd\u00fcr\u00fclebilir bir se\u00e7im yapabilirsiniz. Par\u00e7alar\u0131n s\u00f6k\u00fcl\u00fcp tekrar farkl\u0131 fuarlarda yeniden kurulabilmesi sayesinde hem malzeme israf\u0131 azal\u0131r hem de uzun vadede maliyet avantaj\u0131 sa\u011flar. Mod\u00fcler yap\u0131, ihtiya\u00e7lara g\u00f6re b\u00fcy\u00fct\u00fcl\u00fcp k\u00fc\u00e7\u00fclt\u00fclebilir, grafik paneller kolayca yenilenebilir ve ta\u015f\u0131ma s\u00fcre\u00e7lerinde daha d\u00fc\u015f\u00fck kaynak t\u00fcketimi sunar.<\/span><\/p>\n<p><span style=\"font-weight: 400;\">Fuar stand tasar\u0131m\u0131nda s\u00fcrd\u00fcr\u00fclebilirli\u011fi g\u00f6z \u00f6n\u00fcnde bulundurmak:<\/span><\/p>\n<ul>\n<li style=\"font-weight: 400;\" aria-level=\"1\"><span style=\"font-weight: 400;\">Marka imaj\u0131n\u0131 g\u00fc\u00e7lendirir.<\/span><\/li>\n<li style=\"font-weight: 400;\" aria-level=\"1\"><span style=\"font-weight: 400;\">Karbon ayak izini azalt\u0131r.<\/span><\/li>\n<li style=\"font-weight: 400;\" aria-level=\"1\"><span style=\"font-weight: 400;\">Mod\u00fcler yap\u0131 tekrar kullan\u0131m maliyetini d\u00fc\u015f\u00fcr\u00fcr.<\/span><\/li>\n<\/ul>\n<h2><span style=\"font-weight: 400;\">B\u00fct\u00e7e Planlamas\u0131 ve Uygulama S\u00fcreci<\/span><\/h2>\n<p><span style=\"font-weight: 400;\">Tasar\u0131m kadar maliyet optimizasyonu da kritik bir ad\u0131md\u0131r. Maliyet kalemleri stand \u00fcretim malzemesi, kurulum ekibi, \u0131\u015f\u0131k ve ses sistemi, ta\u015f\u0131ma lojisti\u011fi, grafik bask\u0131lar olabilir<\/span><\/p>\n<p><span style=\"font-weight: 400;\">Tasarruf sa\u011flayabilecek uygulamalar:<\/span><\/p>\n<ul>\n<li style=\"font-weight: 400;\" aria-level=\"1\"><span style=\"font-weight: 400;\">Tekrar kullan\u0131labilir mod\u00fcler panel se\u00e7imi<\/span><\/li>\n<li style=\"font-weight: 400;\" aria-level=\"1\"><span style=\"font-weight: 400;\">Dijital katalog kullan\u0131m\u0131 ile bas\u0131l\u0131 maliyet azaltma<\/span><\/li>\n<li style=\"font-weight: 400;\" aria-level=\"1\"><span style=\"font-weight: 400;\">Grafik y\u00fczeyleri tekstil materyal ile yenileme<\/span><\/li>\n<li style=\"font-weight: 400;\" aria-level=\"1\"><span style=\"font-weight: 400;\">Par\u00e7a s\u00f6k\u00fclebilir ekipman se\u00e7imi<\/span><\/li>\n<\/ul>\n<h2><span style=\"font-weight: 400;\">Fuar Stand Tasar\u0131m\u0131nda Ba\u015far\u0131 Elde Edin<\/span><\/h2>\n<p><span style=\"font-weight: 400;\">\u0130lk izlenim her \u015feydir, \u00f6zellikle fuar gibi yo\u011fun etkinliklerde. Bu temel unsurlara dikkat ederek, fuar stand\u0131n\u0131z\u0131 etkili bir pazarlama arac\u0131na d\u00f6n\u00fc\u015ft\u00fcrebilir ve markan\u0131z\u0131 potansiyel m\u00fc\u015fterilere ba\u015far\u0131l\u0131 bir \u015fekilde tan\u0131tabilirsiniz.<\/span><\/p>\n<p><span style=\"font-weight: 400;\">Ba\u015far\u0131l\u0131 bir fuar stand\u0131 tasar\u0131m\u0131, hedef belirleme, marka kimli\u011fi yans\u0131tma, fonksiyonellik, dikkat \u00e7ekici grafikler, mekan optimizasyonu ve teknoloji entegrasyonunu i\u00e7erir. Bu fakt\u00f6rleri dikkate alarak, \u015firketinizin fuarlarda \u00f6ne \u00e7\u0131kmas\u0131n\u0131 sa\u011flayabilirsiniz.<\/span><\/p>\n<p><span style=\"font-weight: 400;\">Fuar stand tasar\u0131m\u0131 konusunda daha fazla bilgi edinmek ve \u015firketiniz i\u00e7in \u00f6zel tasar\u0131mlar\u0131m\u0131z\u0131 ke\u015ffetmek i\u00e7in <\/span><a href=\"https:\/\/exhist.com\/tr\/iletisim\/\"><span style=\"font-weight: 400;\">bize ula\u015f\u0131n<\/span><\/a><span style=\"font-weight: 400;\">. \u0130htiyac\u0131n\u0131za uygun, etkileyici ve i\u015flevsel fuar standlar\u0131n\u0131 birlikte hayata ge\u00e7irelim!<\/span><\/p>\n<h2><span style=\"font-weight: 400;\">Fuar Stand Tasar\u0131m\u0131 Hakk\u0131nda S\u0131k Sorulan Sorular<\/span><\/h2>\n<h3><span style=\"font-weight: 400;\">Fuar stand tasar\u0131m\u0131 ortalama ne kadar s\u00fcrede haz\u0131rlan\u0131r?<\/span><\/h3>\n<p><span style=\"font-weight: 400;\">Konsept, tasar\u0131m, \u00fcretim ve kurulum dahil 2-6 hafta aras\u0131nda de\u011fi\u015fir. Mod\u00fcler sistemlerde s\u00fcre k\u0131salabilir.<\/span><\/p>\n<h3><span style=\"font-weight: 400;\">Fuar stand tasar\u0131m\u0131nda en \u00e7ok tercih edilen malzemeler nelerdir?<\/span><\/h3>\n<p><span style=\"font-weight: 400;\">Ah\u015fap, MDF, kompozit, tekstil gergi sistemleri, al\u00fcminyum profil, LED ayd\u0131nlatma elemanlar\u0131 s\u0131k kullan\u0131l\u0131r.<\/span><\/p>\n<h3><span style=\"font-weight: 400;\">K\u00fc\u00e7\u00fck metrekareli standlar dikkat \u00e7ekici olabilir mi?<\/span><\/h3>\n<p><span style=\"font-weight: 400;\">Evet. Dikey tasar\u0131m, g\u00fc\u00e7l\u00fc \u0131\u015f\u0131k ve minimal mesaj stratejisi ile y\u00fcksek ilgi toplayabilir.<\/span><\/p>\n<h3><span style=\"font-weight: 400;\">Fuar stand\u0131 tasar\u0131m\u0131nda teknoloji kullanmak \u015fart m\u0131?<\/span><\/h3>\n<p><span style=\"font-weight: 400;\">Zorunlu de\u011fildir ancak VR, QR, ekran sunumlar\u0131 gibi ara\u00e7lar etkile\u015fimi belirgin art\u0131r\u0131r.<\/span><\/p>\n<h3><span style=\"font-weight: 400;\">Stand tasar\u0131m\u0131 m\u0131 yoksa konum daha \u00f6nemli?<\/span><\/h3>\n<p><span style=\"font-weight: 400;\">Her ikisi de etkilidir. Konum trafik sa\u011flar, tasar\u0131m d\u00f6n\u00fc\u015f\u00fcm yarat\u0131r. Birlikte planland\u0131\u011f\u0131nda ba\u015far\u0131 artar.<\/span><\/p>\n","protected":false},"excerpt":{"rendered":"<p>Fuar standlar\u0131, bir \u015firketin veya markan\u0131n fuar alan\u0131nda dikkat \u00e7ekmesini sa\u011flayan \u00f6nemli unsurlardan biridir. Etkileyici ve i\u015flevsel bir fuar stand\u0131 tasarlamak, potansiyel m\u00fc\u015fterilerle ba\u011flant\u0131 kurma ve marka bilinirli\u011fini art\u0131rma konusunda kritik bir rol oynar. Bu yaz\u0131da, fuar stand\u0131 tasar\u0131m\u0131n\u0131n temel ad\u0131mlar\u0131n\u0131 ve dikkat edilmesi gereken unsurlar\u0131 ke\u015ffedece\u011fiz. Hedef Belirleme ve Proje Kapsam\u0131n\u0131n Netle\u015ftirilmesi Fuar stand\u0131 [&hellip;]<\/p>\n","protected":false},"author":2,"featured_media":3375,"comment_status":"open","ping_status":"open","sticky":false,"template":"","format":"standard","meta":{"_acf_changed":false,"footnotes":""},"categories":[11],"tags":[],"class_list":["post-3374","post","type-post","status-publish","format-standard","has-post-thumbnail","hentry","category-rehber"],"blocksy_meta":[],"acf":[],"_links":{"self":[{"href":"https:\/\/exhist.com\/tr\/wp-json\/wp\/v2\/posts\/3374","targetHints":{"allow":["GET"]}}],"collection":[{"href":"https:\/\/exhist.com\/tr\/wp-json\/wp\/v2\/posts"}],"about":[{"href":"https:\/\/exhist.com\/tr\/wp-json\/wp\/v2\/types\/post"}],"author":[{"embeddable":true,"href":"https:\/\/exhist.com\/tr\/wp-json\/wp\/v2\/users\/2"}],"replies":[{"embeddable":true,"href":"https:\/\/exhist.com\/tr\/wp-json\/wp\/v2\/comments?post=3374"}],"version-history":[{"count":3,"href":"https:\/\/exhist.com\/tr\/wp-json\/wp\/v2\/posts\/3374\/revisions"}],"predecessor-version":[{"id":4188,"href":"https:\/\/exhist.com\/tr\/wp-json\/wp\/v2\/posts\/3374\/revisions\/4188"}],"wp:featuredmedia":[{"embeddable":true,"href":"https:\/\/exhist.com\/tr\/wp-json\/wp\/v2\/media\/3375"}],"wp:attachment":[{"href":"https:\/\/exhist.com\/tr\/wp-json\/wp\/v2\/media?parent=3374"}],"wp:term":[{"taxonomy":"category","embeddable":true,"href":"https:\/\/exhist.com\/tr\/wp-json\/wp\/v2\/categories?post=3374"},{"taxonomy":"post_tag","embeddable":true,"href":"https:\/\/exhist.com\/tr\/wp-json\/wp\/v2\/tags?post=3374"}],"curies":[{"name":"wp","href":"https:\/\/api.w.org\/{rel}","templated":true}]}}